{"id":277,"date":"2018-05-15T08:23:40","date_gmt":"2018-05-15T06:23:40","guid":{"rendered":"http:\/\/djkvfl-giesenkirchen.de\/neu\/?p=277"},"modified":"2018-05-29T05:56:12","modified_gmt":"2018-05-29T03:56:12","slug":"trainerwechsel-bei-der-reserve","status":"publish","type":"post","link":"http:\/\/djkvfl-giesenkirchen.de\/neu\/2018\/05\/15\/trainerwechsel-bei-der-reserve\/","title":{"rendered":"Trainerwechsel bei der Reserve"},"content":{"rendered":"<p><span style=\"font-family: arial, helvetica, sans-serif;\">Nachdem Bernd K\u00e4mmerling uns mitgeteilt hat, dass er zum Ende der laufenden Saison seinen Trainerposten nicht weiter aus\u00fcben m\u00f6chte, konnte man zeitnah einen Nachfolger f\u00fcr unsere Reserve finden.<\/span><br \/>\n<span style=\"font-family: arial, helvetica, sans-serif;\">Mit\u00a0<a class=\"profileLink\" href=\"https:\/\/www.facebook.com\/maurice.wingerath?fref=mentions\" data-hovercard=\"\/ajax\/hovercard\/user.php?id=100005726641839&amp;extragetparams=%7B%22fref%22%3A%22mentions%22%7D\" data-hovercard-prefer-more-content-show=\"1\">Maurice Wingerath<\/a>\u00a0konnte man jemanden verpflichten, der den Verein sehr gut kennt, und nun den geplanten Einstieg ins Trainergesch\u00e4ft in Giesenkirchen startet. Maurice hat bereits als Aktiver bei uns gespielt, und war ma\u00dfgeblich am Aufstieg in die B<span class=\"text_exposed_show\">ezirksliga beteiligt. Zudem hat er in seiner aktiven Zeit jahrelang auf Landes- und Bezirksligaebene gekickt. Im letzten Jahr wechselte er nach Boisheim, wo er momentan noch als Spieler mit seiner Mannschaft um den Aufstieg in Kreisliga A spielt. Da der Kontakt nie wirklich abgerissen ist, und wir bereits zu seiner Giesenkirchener Zeit dar\u00fcber oft gesprochen haben, ihn bei uns im Verein gerade im Trainerbereich einzubinden, freuen wir uns nun ihn am Puffkohlen wieder begr\u00fc\u00dfen zu d\u00fcrfen. Maurice ist ein absoluter Teamplayer, enorm ehrgeizig und fokussiert auf den Fu\u00dfball, so dass wir somit den Trainerposten im neuen Jahr optimal besetzt haben. Maurice wird als Spielertrainer fungieren, und mit seiner Erfahrung der jungen Mannschaft nicht nur vom Rand aus weiterhelfen. An seiner Seite wird ihm Niko Arsic stehen, der nun auch schon ein paar Jahre im Verein aktiv ist, und ebenso unseren Vorstellungen entspricht, um den eingeschlagenen Weg weiter zu gehen. Ziel wird es sein, das vorhandene Potential der Mannschaft weiter auszusch\u00f6pfen, das Team punktuell ein wenig zu verst\u00e4rken, um dann noch enger an die oberen Pl\u00e4tze anzuklopfen.<br \/>\nAn dieser Stelle dann auch schon mal unser Dank an Bernd K\u00e4mmerling und Lothar Panitz f\u00fcr Euer Engagement und die geleistete Arbeit. Dem neuen Team w\u00fcnschen wir viel Erfolg f\u00fcr die kommende Saison und hei\u00dfen Euch herzlich willkommen am Puffkohlen!<\/span><\/span><\/p>\n<div class=\"text_exposed_show\">\n<p><span style=\"font-family: arial, helvetica, sans-serif;\">P.S. Wir haben immer noch keine Vertr\u00e4ge\u00a0<span class=\"_5mfr _47e3\"><img loading=\"lazy\" decoding=\"async\" class=\"img\" role=\"presentation\" src=\"https:\/\/static.xx.fbcdn.net\/images\/emoji.php\/v9\/f4e\/1\/16\/1f644.png\" alt=\"\" width=\"16\" height=\"16\" \/><\/span><\/span><\/p>\n<\/div>\n","protected":false},"excerpt":{"rendered":"<p>Nachdem Bernd K\u00e4mmerling uns mitgeteilt hat, dass er zum Ende der laufenden Saison seinen Trainerposten nicht weiter aus\u00fcben m\u00f6chte, konnte<\/p>\n","protected":false},"author":2,"featured_media":276,"comment_status":"closed","ping_status":"open","sticky":false,"template":"","format":"standard","meta":{"footnotes":""},"categories":[43],"tags":[],"class_list":["post-277","post","type-post","status-publish","format-standard","has-post-thumbnail","hentry","category-allgemien"],"rttpg_featured_image_url":{"full":["http:\/\/djkvfl-giesenkirchen.de\/neu\/wp-content\/uploads\/2018\/05\/Maurice.png",729,335,false],"landscape":["http:\/\/djkvfl-giesenkirchen.de\/neu\/wp-content\/uploads\/2018\/05\/Maurice.png",729,335,false],"portraits":["http:\/\/djkvfl-giesenkirchen.de\/neu\/wp-content\/uploads\/2018\/05\/Maurice.png",729,335,false],"thumbnail":["http:\/\/djkvfl-giesenkirchen.de\/neu\/wp-content\/uploads\/2018\/05\/Maurice-150x150.png",150,150,true],"medium":["http:\/\/djkvfl-giesenkirchen.de\/neu\/wp-content\/uploads\/2018\/05\/Maurice-300x138.png",300,138,true],"large":["http:\/\/djkvfl-giesenkirchen.de\/neu\/wp-content\/uploads\/2018\/05\/Maurice.png",729,335,false],"1536x1536":["http:\/\/djkvfl-giesenkirchen.de\/neu\/wp-content\/uploads\/2018\/05\/Maurice.png",729,335,false],"2048x2048":["http:\/\/djkvfl-giesenkirchen.de\/neu\/wp-content\/uploads\/2018\/05\/Maurice.png",729,335,false],"gg_gallery_thumbnail":["http:\/\/djkvfl-giesenkirchen.de\/neu\/wp-content\/uploads\/2018\/05\/Maurice.png",450,207,false],"sportspress-crop-medium":["http:\/\/djkvfl-giesenkirchen.de\/neu\/wp-content\/uploads\/2018\/05\/Maurice-300x300.png",300,300,true],"sportspress-fit-medium":["http:\/\/djkvfl-giesenkirchen.de\/neu\/wp-content\/uploads\/2018\/05\/Maurice-300x138.png",300,138,true],"sportspress-fit-icon":["http:\/\/djkvfl-giesenkirchen.de\/neu\/wp-content\/uploads\/2018\/05\/Maurice-128x59.png",128,59,true],"sportspress-fit-mini":["http:\/\/djkvfl-giesenkirchen.de\/neu\/wp-content\/uploads\/2018\/05\/Maurice-32x15.png",32,15,true],"ivan_project":["http:\/\/djkvfl-giesenkirchen.de\/neu\/wp-content\/uploads\/2018\/05\/Maurice-480x221.png",480,221,true],"ivan_project_crop":["http:\/\/djkvfl-giesenkirchen.de\/neu\/wp-content\/uploads\/2018\/05\/Maurice-480x335.png",480,335,true],"ivan_project_wide":["http:\/\/djkvfl-giesenkirchen.de\/neu\/wp-content\/uploads\/2018\/05\/Maurice-480x221.png",480,221,true],"ivan_project_wide_crop":["http:\/\/djkvfl-giesenkirchen.de\/neu\/wp-content\/uploads\/2018\/05\/Maurice-480x270.png",480,270,true],"ivan_project_large":["http:\/\/djkvfl-giesenkirchen.de\/neu\/wp-content\/uploads\/2018\/05\/Maurice.png",729,335,false],"ivan_project_large_crop":["http:\/\/djkvfl-giesenkirchen.de\/neu\/wp-content\/uploads\/2018\/05\/Maurice.png",729,335,false],"ivan_project_large_wide":["http:\/\/djkvfl-giesenkirchen.de\/neu\/wp-content\/uploads\/2018\/05\/Maurice.png",729,335,false],"ivan_project_large_wide_crop":["http:\/\/djkvfl-giesenkirchen.de\/neu\/wp-content\/uploads\/2018\/05\/Maurice.png",729,335,false],"ivan_project_quad":["http:\/\/djkvfl-giesenkirchen.de\/neu\/wp-content\/uploads\/2018\/05\/Maurice.png",729,335,false],"ivan_project_quad_crop":["http:\/\/djkvfl-giesenkirchen.de\/neu\/wp-content\/uploads\/2018\/05\/Maurice.png",729,335,false],"ivan_project_stripe_crop":["http:\/\/djkvfl-giesenkirchen.de\/neu\/wp-content\/uploads\/2018\/05\/Maurice.png",729,335,false],"blog_list":["http:\/\/djkvfl-giesenkirchen.de\/neu\/wp-content\/uploads\/2018\/05\/Maurice-270x220.png",270,220,true],"gallery_thumbnail":["http:\/\/djkvfl-giesenkirchen.de\/neu\/wp-content\/uploads\/2018\/05\/Maurice-80x80.png",80,80,true],"gallery_image":["http:\/\/djkvfl-giesenkirchen.de\/neu\/wp-content\/uploads\/2018\/05\/Maurice-560x335.png",560,335,true],"gallery_image_mini":["http:\/\/djkvfl-giesenkirchen.de\/neu\/wp-content\/uploads\/2018\/05\/Maurice-143x116.png",143,116,true],"player_photo":["http:\/\/djkvfl-giesenkirchen.de\/neu\/wp-content\/uploads\/2018\/05\/Maurice.png",729,335,false],"team_logo":["http:\/\/djkvfl-giesenkirchen.de\/neu\/wp-content\/uploads\/2018\/05\/Maurice-98x45.png",98,45,true],"woocommerce_thumbnail":["http:\/\/djkvfl-giesenkirchen.de\/neu\/wp-content\/uploads\/2018\/05\/Maurice-300x300.png",300,300,true],"woocommerce_single":["http:\/\/djkvfl-giesenkirchen.de\/neu\/wp-content\/uploads\/2018\/05\/Maurice-600x276.png",600,276,true],"woocommerce_gallery_thumbnail":["http:\/\/djkvfl-giesenkirchen.de\/neu\/wp-content\/uploads\/2018\/05\/Maurice-100x100.png",100,100,true]},"rttpg_author":{"display_name":"Lutz Dombert","author_link":"http:\/\/djkvfl-giesenkirchen.de\/neu\/author\/lutz\/"},"rttpg_comment":0,"rttpg_category":"<a href=\"http:\/\/djkvfl-giesenkirchen.de\/neu\/category\/allgemien\/\" rel=\"category tag\">Allgemein<\/a>","rttpg_excerpt":"Nachdem Bernd K\u00e4mmerling uns mitgeteilt hat, dass er zum Ende der laufenden Saison seinen Trainerposten nicht weiter aus\u00fcben m\u00f6chte, konnte","_links":{"self":[{"href":"http:\/\/djkvfl-giesenkirchen.de\/neu\/wp-json\/wp\/v2\/posts\/277","targetHints":{"allow":["GET"]}}],"collection":[{"href":"http:\/\/djkvfl-giesenkirchen.de\/neu\/wp-json\/wp\/v2\/posts"}],"about":[{"href":"http:\/\/djkvfl-giesenkirchen.de\/neu\/wp-json\/wp\/v2\/types\/post"}],"author":[{"embeddable":true,"href":"http:\/\/djkvfl-giesenkirchen.de\/neu\/wp-json\/wp\/v2\/users\/2"}],"replies":[{"embeddable":true,"href":"http:\/\/djkvfl-giesenkirchen.de\/neu\/wp-json\/wp\/v2\/comments?post=277"}],"version-history":[{"count":1,"href":"http:\/\/djkvfl-giesenkirchen.de\/neu\/wp-json\/wp\/v2\/posts\/277\/revisions"}],"predecessor-version":[{"id":278,"href":"http:\/\/djkvfl-giesenkirchen.de\/neu\/wp-json\/wp\/v2\/posts\/277\/revisions\/278"}],"wp:featuredmedia":[{"embeddable":true,"href":"http:\/\/djkvfl-giesenkirchen.de\/neu\/wp-json\/wp\/v2\/media\/276"}],"wp:attachment":[{"href":"http:\/\/djkvfl-giesenkirchen.de\/neu\/wp-json\/wp\/v2\/media?parent=277"}],"wp:term":[{"taxonomy":"category","embeddable":true,"href":"http:\/\/djkvfl-giesenkirchen.de\/neu\/wp-json\/wp\/v2\/categories?post=277"},{"taxonomy":"post_tag","embeddable":true,"href":"http:\/\/djkvfl-giesenkirchen.de\/neu\/wp-json\/wp\/v2\/tags?post=277"}],"curies":[{"name":"wp","href":"https:\/\/api.w.org\/{rel}","templated":true}]}}