{"id":701,"date":"2018-05-28T13:04:34","date_gmt":"2018-05-28T11:04:34","guid":{"rendered":"http:\/\/djkvfl-giesenkirchen.de\/neu\/?p=701"},"modified":"2018-06-18T12:59:15","modified_gmt":"2018-06-18T10:59:15","slug":"neuzugaenge-der-1-mannschaft","status":"publish","type":"post","link":"http:\/\/djkvfl-giesenkirchen.de\/neu\/2018\/05\/28\/neuzugaenge-der-1-mannschaft\/","title":{"rendered":"Neuzug\u00e4nge der 1 Mannschaft"},"content":{"rendered":"<p style=\"text-align: center;\"><span style=\"font-family: arial, helvetica, sans-serif;\"><strong><span style=\"font-size: 18pt;\">Neuzug\u00e4nge der 1 Mannschaft<\/span><\/strong><\/span><\/p>\n<ul>\n<li><span style=\"font-family: arial, helvetica, sans-serif;\">Dominik Bogatzki<\/span><\/li>\n<li><span style=\"font-family: arial, helvetica, sans-serif;\">Vuk Misic<\/span><\/li>\n<li><span style=\"font-family: arial, helvetica, sans-serif;\">Joshua Burg<\/span><\/li>\n<li><span style=\"font-family: arial, helvetica, sans-serif;\">Zaki Scherzad<\/span><\/li>\n<li><span style=\"font-family: arial, helvetica, sans-serif;\">Marc M\u00fcller<\/span><\/li>\n<li><span style=\"font-family: arial, helvetica, sans-serif;\">Thorben Hasler<\/span><\/li>\n<\/ul>\n<p><span style=\"font-family: arial, helvetica, sans-serif;\">Von der Reserve des 1.FC MG kommt mit Dominik Bogatzki ein Mittelfeldspieler, der bereits Erfahrungen aus der Oberliga vorweisen kann. \u201eBoga\u201c kann vielseitig eingesetzt werden und d\u00fcrfte unser recht junges Team nicht nur durch seine Erfahrung verst\u00e4rken, sondern auch durch seine Teamf\u00e4higkeit.<\/span><\/p>\n<p><span style=\"font-family: arial, helvetica, sans-serif;\">Mit Vuk Misic und Joshua Burg sto\u00dfen zwei ehemalige Junioren unseres Vereins zum Kader der ersten Mannschaft. Beide absolvierten das letzte Jahr im Jugendbereich des 1.FC MG, und kehren nun nach einem Jahr zur\u00fcck an den Puffkohlen.<\/span><\/p>\n<p><span style=\"font-family: arial, helvetica, sans-serif;\">Mit Zaki Scherzad kommt ein junger talentierter Spieler von RW Hockstein nach Giesenkirchen. Zaki hat die letzten drei Jahre bereits reichlich Erfahrungen in der Kreisliga A gesammelt, und m\u00f6chte sich ab der kommenden Spielzeit dann auch in der Bezirksliga beweisen.<\/span><\/p>\n<p><span style=\"font-family: arial, helvetica, sans-serif;\">Auch Marc M\u00fcller kehrt zur\u00fcck nach Giesenkirchen. Er soll unsere schmal besetzte Offensive verst\u00e4rken. Marc hat die Jugend bei Borussia MG verbracht, und musste dann verletzungsbedingt k\u00fcrzertreten. Er war aber auch Bestandteil unserer Aufstiegsmannschaft, und kehrt nun nach einem Gastspiel beim 1.FC MG und dem 1.FC Viersen zur\u00fcck.<\/span><\/p>\n<p><span style=\"font-family: arial, helvetica, sans-serif;\">Thorben Hassler ist geb\u00fcrtig und wohnhaft in Giesenkirchen, wo er auch die ersten Schritte im Fu\u00dfball erlernte. Nachdem er beim 1.FC M\u00f6nchengladbach mehrere Jugendteams durchlaufen hat, durfte er bereits mit seinen jungen Jahren sowohl Landesliga als auch Bezirksliga Luft schnuppern. Thorben kann variabel, sowohl offensiv als auch defensiv eingesetzt werden, und wir freuen uns sehr \u00fcber seine R\u00fcckkehr an den Puffkohlen.\u00a0<\/span><\/p>\n<p><span style=\"font-family: arial, helvetica, sans-serif;\">Wir sagen herzlich willkommen am Puffkohlen, wir freuen uns sehr \u00fcber eure Zusagen und auf die baldige Zusammenarbeit.<\/span><\/p>\n","protected":false},"excerpt":{"rendered":"<p>Neuzug\u00e4nge der 1 Mannschaft Dominik Bogatzki Vuk Misic Joshua Burg Zaki Scherzad Marc M\u00fcller Thorben Hasler Von der Reserve des<\/p>\n","protected":false},"author":2,"featured_media":991,"comment_status":"closed","ping_status":"open","sticky":false,"template":"","format":"standard","meta":{"footnotes":""},"categories":[43],"tags":[],"class_list":["post-701","post","type-post","status-publish","format-standard","has-post-thumbnail","hentry","category-allgemien"],"rttpg_featured_image_url":{"full":["http:\/\/djkvfl-giesenkirchen.de\/neu\/wp-content\/uploads\/2018\/05\/Neuzug\u00e4nge-Seite001-1.jpg",1500,1061,false],"landscape":["http:\/\/djkvfl-giesenkirchen.de\/neu\/wp-content\/uploads\/2018\/05\/Neuzug\u00e4nge-Seite001-1.jpg",1500,1061,false],"portraits":["http:\/\/djkvfl-giesenkirchen.de\/neu\/wp-content\/uploads\/2018\/05\/Neuzug\u00e4nge-Seite001-1.jpg",1500,1061,false],"thumbnail":["http:\/\/djkvfl-giesenkirchen.de\/neu\/wp-content\/uploads\/2018\/05\/Neuzug\u00e4nge-Seite001-1-150x150.jpg",150,150,true],"medium":["http:\/\/djkvfl-giesenkirchen.de\/neu\/wp-content\/uploads\/2018\/05\/Neuzug\u00e4nge-Seite001-1-300x212.jpg",300,212,true],"large":["http:\/\/djkvfl-giesenkirchen.de\/neu\/wp-content\/uploads\/2018\/05\/Neuzug\u00e4nge-Seite001-1-1024x724.jpg",940,665,true],"1536x1536":["http:\/\/djkvfl-giesenkirchen.de\/neu\/wp-content\/uploads\/2018\/05\/Neuzug\u00e4nge-Seite001-1.jpg",1500,1061,false],"2048x2048":["http:\/\/djkvfl-giesenkirchen.de\/neu\/wp-content\/uploads\/2018\/05\/Neuzug\u00e4nge-Seite001-1.jpg",1500,1061,false],"gg_gallery_thumbnail":["http:\/\/djkvfl-giesenkirchen.de\/neu\/wp-content\/uploads\/2018\/05\/Neuzug\u00e4nge-Seite001-1-450x250.jpg",450,250,true],"sportspress-crop-medium":["http:\/\/djkvfl-giesenkirchen.de\/neu\/wp-content\/uploads\/2018\/05\/Neuzug\u00e4nge-Seite001-1-300x300.jpg",300,300,true],"sportspress-fit-medium":["http:\/\/djkvfl-giesenkirchen.de\/neu\/wp-content\/uploads\/2018\/05\/Neuzug\u00e4nge-Seite001-1-300x212.jpg",300,212,true],"sportspress-fit-icon":["http:\/\/djkvfl-giesenkirchen.de\/neu\/wp-content\/uploads\/2018\/05\/Neuzug\u00e4nge-Seite001-1-128x91.jpg",128,91,true],"sportspress-fit-mini":["http:\/\/djkvfl-giesenkirchen.de\/neu\/wp-content\/uploads\/2018\/05\/Neuzug\u00e4nge-Seite001-1-32x23.jpg",32,23,true],"ivan_project":["http:\/\/djkvfl-giesenkirchen.de\/neu\/wp-content\/uploads\/2018\/05\/Neuzug\u00e4nge-Seite001-1-480x340.jpg",480,340,true],"ivan_project_crop":["http:\/\/djkvfl-giesenkirchen.de\/neu\/wp-content\/uploads\/2018\/05\/Neuzug\u00e4nge-Seite001-1-480x480.jpg",480,480,true],"ivan_project_wide":["http:\/\/djkvfl-giesenkirchen.de\/neu\/wp-content\/uploads\/2018\/05\/Neuzug\u00e4nge-Seite001-1-382x270.jpg",382,270,true],"ivan_project_wide_crop":["http:\/\/djkvfl-giesenkirchen.de\/neu\/wp-content\/uploads\/2018\/05\/Neuzug\u00e4nge-Seite001-1-480x270.jpg",480,270,true],"ivan_project_large":["http:\/\/djkvfl-giesenkirchen.de\/neu\/wp-content\/uploads\/2018\/05\/Neuzug\u00e4nge-Seite001-1-780x552.jpg",780,552,true],"ivan_project_large_crop":["http:\/\/djkvfl-giesenkirchen.de\/neu\/wp-content\/uploads\/2018\/05\/Neuzug\u00e4nge-Seite001-1-780x780.jpg",780,780,true],"ivan_project_large_wide":["http:\/\/djkvfl-giesenkirchen.de\/neu\/wp-content\/uploads\/2018\/05\/Neuzug\u00e4nge-Seite001-1-621x439.jpg",621,439,true],"ivan_project_large_wide_crop":["http:\/\/djkvfl-giesenkirchen.de\/neu\/wp-content\/uploads\/2018\/05\/Neuzug\u00e4nge-Seite001-1-780x439.jpg",780,439,true],"ivan_project_quad":["http:\/\/djkvfl-giesenkirchen.de\/neu\/wp-content\/uploads\/2018\/05\/Neuzug\u00e4nge-Seite001-1-954x675.jpg",954,675,true],"ivan_project_quad_crop":["http:\/\/djkvfl-giesenkirchen.de\/neu\/wp-content\/uploads\/2018\/05\/Neuzug\u00e4nge-Seite001-1-1200x675.jpg",1200,675,true],"ivan_project_stripe_crop":["http:\/\/djkvfl-giesenkirchen.de\/neu\/wp-content\/uploads\/2018\/05\/Neuzug\u00e4nge-Seite001-1-1200x400.jpg",1200,400,true],"blog_list":["http:\/\/djkvfl-giesenkirchen.de\/neu\/wp-content\/uploads\/2018\/05\/Neuzug\u00e4nge-Seite001-1-270x220.jpg",270,220,true],"gallery_thumbnail":["http:\/\/djkvfl-giesenkirchen.de\/neu\/wp-content\/uploads\/2018\/05\/Neuzug\u00e4nge-Seite001-1-80x80.jpg",80,80,true],"gallery_image":["http:\/\/djkvfl-giesenkirchen.de\/neu\/wp-content\/uploads\/2018\/05\/Neuzug\u00e4nge-Seite001-1-560x367.jpg",560,367,true],"gallery_image_mini":["http:\/\/djkvfl-giesenkirchen.de\/neu\/wp-content\/uploads\/2018\/05\/Neuzug\u00e4nge-Seite001-1-143x116.jpg",143,116,true],"player_photo":["http:\/\/djkvfl-giesenkirchen.de\/neu\/wp-content\/uploads\/2018\/05\/Neuzug\u00e4nge-Seite001-1-740x740.jpg",740,740,true],"team_logo":["http:\/\/djkvfl-giesenkirchen.de\/neu\/wp-content\/uploads\/2018\/05\/Neuzug\u00e4nge-Seite001-1-98x69.jpg",98,69,true],"woocommerce_thumbnail":["http:\/\/djkvfl-giesenkirchen.de\/neu\/wp-content\/uploads\/2018\/05\/Neuzug\u00e4nge-Seite001-1-300x300.jpg",300,300,true],"woocommerce_single":["http:\/\/djkvfl-giesenkirchen.de\/neu\/wp-content\/uploads\/2018\/05\/Neuzug\u00e4nge-Seite001-1-600x424.jpg",600,424,true],"woocommerce_gallery_thumbnail":["http:\/\/djkvfl-giesenkirchen.de\/neu\/wp-content\/uploads\/2018\/05\/Neuzug\u00e4nge-Seite001-1-100x100.jpg",100,100,true]},"rttpg_author":{"display_name":"Lutz Dombert","author_link":"http:\/\/djkvfl-giesenkirchen.de\/neu\/author\/lutz\/"},"rttpg_comment":0,"rttpg_category":"<a href=\"http:\/\/djkvfl-giesenkirchen.de\/neu\/category\/allgemien\/\" rel=\"category tag\">Allgemein<\/a>","rttpg_excerpt":"Neuzug\u00e4nge der 1 Mannschaft Dominik Bogatzki Vuk Misic Joshua Burg Zaki Scherzad Marc M\u00fcller Thorben Hasler Von der Reserve des","_links":{"self":[{"href":"http:\/\/djkvfl-giesenkirchen.de\/neu\/wp-json\/wp\/v2\/posts\/701","targetHints":{"allow":["GET"]}}],"collection":[{"href":"http:\/\/djkvfl-giesenkirchen.de\/neu\/wp-json\/wp\/v2\/posts"}],"about":[{"href":"http:\/\/djkvfl-giesenkirchen.de\/neu\/wp-json\/wp\/v2\/types\/post"}],"author":[{"embeddable":true,"href":"http:\/\/djkvfl-giesenkirchen.de\/neu\/wp-json\/wp\/v2\/users\/2"}],"replies":[{"embeddable":true,"href":"http:\/\/djkvfl-giesenkirchen.de\/neu\/wp-json\/wp\/v2\/comments?post=701"}],"version-history":[{"count":1,"href":"http:\/\/djkvfl-giesenkirchen.de\/neu\/wp-json\/wp\/v2\/posts\/701\/revisions"}],"predecessor-version":[{"id":702,"href":"http:\/\/djkvfl-giesenkirchen.de\/neu\/wp-json\/wp\/v2\/posts\/701\/revisions\/702"}],"wp:featuredmedia":[{"embeddable":true,"href":"http:\/\/djkvfl-giesenkirchen.de\/neu\/wp-json\/wp\/v2\/media\/991"}],"wp:attachment":[{"href":"http:\/\/djkvfl-giesenkirchen.de\/neu\/wp-json\/wp\/v2\/media?parent=701"}],"wp:term":[{"taxonomy":"category","embeddable":true,"href":"http:\/\/djkvfl-giesenkirchen.de\/neu\/wp-json\/wp\/v2\/categories?post=701"},{"taxonomy":"post_tag","embeddable":true,"href":"http:\/\/djkvfl-giesenkirchen.de\/neu\/wp-json\/wp\/v2\/tags?post=701"}],"curies":[{"name":"wp","href":"https:\/\/api.w.org\/{rel}","templated":true}]}}